{"id":1190,"date":"2015-02-04T22:23:41","date_gmt":"2015-02-04T22:23:41","guid":{"rendered":"http:\/\/www.cjfbadminton-stmalo.com\/?p=1190"},"modified":"2015-02-04T22:23:41","modified_gmt":"2015-02-04T22:23:41","slug":"vacances-scolaires-dhiver","status":"publish","type":"post","link":"http:\/\/www.cjfbadminton-stmalo.com\/?p=1190","title":{"rendered":"Vacances Scolaires d&rsquo;Hiver"},"content":{"rendered":"<p>Et voil\u00e0 d\u00e9j\u00e0 les vacances scolaires d&rsquo;hiver&#8230; Mais si vous ne sortez ni les skis, ni les luges vous pouvez quand m\u00eame sortir les raquettes&#8230;<\/p>\n<p>Quelques cr\u00e9neaux restent ouverts :<\/p>\n<p>&#8211; Lundi 9 et 16 F\u00e9vrier : 20H &#8211; 22H \u00e0 la salle Surcouf (Loisir \/ D\u00e9butant)<\/p>\n<p>&#8211; Mardi 10 et 17 F\u00e9vrier : 20H &#8211; 22H30 \u00e0 la salle du Panier Fleuri (Comp\u00e9titeur Interclub)<\/p>\n<p>&#8211; Mercredi 11 et 18 F\u00e9vrier : 20H &#8211; 22H30 \u00e0 la salle Surcouf (Tout public)<\/p>\n","protected":false},"excerpt":{"rendered":"<p>Et voil\u00e0 d\u00e9j\u00e0 les vacances scolaires d&rsquo;hiver&#8230; Mais si vous ne sortez ni les skis, ni les luges vous pouvez quand m\u00eame sortir les raquettes&#8230; Quelques cr\u00e9neaux restent ouverts : &#8211; Lundi 9 et 16 F\u00e9vrier : 20H &#8211; 22H \u00e0 la salle Surcouf (Loisir \/ D\u00e9butant) &#8211; Mardi 10 et 17 F\u00e9vrier : 20H &hellip; <a href=\"http:\/\/www.cjfbadminton-stmalo.com\/?p=1190\" class=\"more-link\">Continuer la lecture de <span class=\"screen-reader-text\">Vacances Scolaires d&rsquo;Hiver<\/span> <span class=\"meta-nav\">&rarr;<\/span><\/a><\/p>\n","protected":false},"author":2,"featured_media":0,"comment_status":"closed","ping_status":"open","sticky":false,"template":"","format":"standard","meta":{"ngg_post_thumbnail":0,"footnotes":""},"categories":[1],"tags":[],"class_list":["post-1190","post","type-post","status-publish","format-standard","hentry","category-non-classe"],"_links":{"self":[{"href":"http:\/\/www.cjfbadminton-stmalo.com\/index.php?rest_route=\/wp\/v2\/posts\/1190","targetHints":{"allow":["GET"]}}],"collection":[{"href":"http:\/\/www.cjfbadminton-stmalo.com\/index.php?rest_route=\/wp\/v2\/posts"}],"about":[{"href":"http:\/\/www.cjfbadminton-stmalo.com\/index.php?rest_route=\/wp\/v2\/types\/post"}],"author":[{"embeddable":true,"href":"http:\/\/www.cjfbadminton-stmalo.com\/index.php?rest_route=\/wp\/v2\/users\/2"}],"replies":[{"embeddable":true,"href":"http:\/\/www.cjfbadminton-stmalo.com\/index.php?rest_route=%2Fwp%2Fv2%2Fcomments&post=1190"}],"version-history":[{"count":1,"href":"http:\/\/www.cjfbadminton-stmalo.com\/index.php?rest_route=\/wp\/v2\/posts\/1190\/revisions"}],"predecessor-version":[{"id":1191,"href":"http:\/\/www.cjfbadminton-stmalo.com\/index.php?rest_route=\/wp\/v2\/posts\/1190\/revisions\/1191"}],"wp:attachment":[{"href":"http:\/\/www.cjfbadminton-stmalo.com\/index.php?rest_route=%2Fwp%2Fv2%2Fmedia&parent=1190"}],"wp:term":[{"taxonomy":"category","embeddable":true,"href":"http:\/\/www.cjfbadminton-stmalo.com\/index.php?rest_route=%2Fwp%2Fv2%2Fcategories&post=1190"},{"taxonomy":"post_tag","embeddable":true,"href":"http:\/\/www.cjfbadminton-stmalo.com\/index.php?rest_route=%2Fwp%2Fv2%2Ftags&post=1190"}],"curies":[{"name":"wp","href":"https:\/\/api.w.org\/{rel}","templated":true}]}}