{"id":1211,"date":"2015-05-29T21:09:49","date_gmt":"2015-05-29T21:09:49","guid":{"rendered":"http:\/\/www.cjfbadminton-stmalo.com\/?p=1211"},"modified":"2015-05-29T21:09:49","modified_gmt":"2015-05-29T21:09:49","slug":"fin-de-saison-2","status":"publish","type":"post","link":"http:\/\/www.cjfbadminton-stmalo.com\/?p=1211","title":{"rendered":"Fin de saison"},"content":{"rendered":"<p>Petites Infos en vrac pour les \u00e9v\u00e8nements de cette fin de saison :<\/p>\n<p>&#8211; Mardi 2 Juin : dernier entra\u00eenement comp\u00e9titeur \u00e0 la salle du Panier Fleuri. Ensuite plus d&rsquo;entra\u00eenement le mardi, resteront ceux de la salle Surcouf les lundi, mercredi et jeudi.<\/p>\n<p>&#8211; Mercredi 1er Juillet ; dernier entra\u00eenement loisir. Ensuite pause pour tout le monde jusqu&rsquo;en Septembre<\/p>\n<p><strong>&#8211; VENDREDI 26 JUIN : ASSEMBLEE GENERALE \u00e0 20H au SIEGE du CJF<\/strong><\/p>\n","protected":false},"excerpt":{"rendered":"<p>Petites Infos en vrac pour les \u00e9v\u00e8nements de cette fin de saison : &#8211; Mardi 2 Juin : dernier entra\u00eenement comp\u00e9titeur \u00e0 la salle du Panier Fleuri. Ensuite plus d&rsquo;entra\u00eenement le mardi, resteront ceux de la salle Surcouf les lundi, mercredi et jeudi. &#8211; Mercredi 1er Juillet ; dernier entra\u00eenement loisir. Ensuite pause pour tout &hellip; <a href=\"http:\/\/www.cjfbadminton-stmalo.com\/?p=1211\" class=\"more-link\">Continuer la lecture de <span class=\"screen-reader-text\">Fin de saison<\/span> <span class=\"meta-nav\">&rarr;<\/span><\/a><\/p>\n","protected":false},"author":2,"featured_media":0,"comment_status":"closed","ping_status":"open","sticky":false,"template":"","format":"standard","meta":{"ngg_post_thumbnail":0,"footnotes":""},"categories":[1],"tags":[],"class_list":["post-1211","post","type-post","status-publish","format-standard","hentry","category-non-classe"],"_links":{"self":[{"href":"http:\/\/www.cjfbadminton-stmalo.com\/index.php?rest_route=\/wp\/v2\/posts\/1211","targetHints":{"allow":["GET"]}}],"collection":[{"href":"http:\/\/www.cjfbadminton-stmalo.com\/index.php?rest_route=\/wp\/v2\/posts"}],"about":[{"href":"http:\/\/www.cjfbadminton-stmalo.com\/index.php?rest_route=\/wp\/v2\/types\/post"}],"author":[{"embeddable":true,"href":"http:\/\/www.cjfbadminton-stmalo.com\/index.php?rest_route=\/wp\/v2\/users\/2"}],"replies":[{"embeddable":true,"href":"http:\/\/www.cjfbadminton-stmalo.com\/index.php?rest_route=%2Fwp%2Fv2%2Fcomments&post=1211"}],"version-history":[{"count":1,"href":"http:\/\/www.cjfbadminton-stmalo.com\/index.php?rest_route=\/wp\/v2\/posts\/1211\/revisions"}],"predecessor-version":[{"id":1212,"href":"http:\/\/www.cjfbadminton-stmalo.com\/index.php?rest_route=\/wp\/v2\/posts\/1211\/revisions\/1212"}],"wp:attachment":[{"href":"http:\/\/www.cjfbadminton-stmalo.com\/index.php?rest_route=%2Fwp%2Fv2%2Fmedia&parent=1211"}],"wp:term":[{"taxonomy":"category","embeddable":true,"href":"http:\/\/www.cjfbadminton-stmalo.com\/index.php?rest_route=%2Fwp%2Fv2%2Fcategories&post=1211"},{"taxonomy":"post_tag","embeddable":true,"href":"http:\/\/www.cjfbadminton-stmalo.com\/index.php?rest_route=%2Fwp%2Fv2%2Ftags&post=1211"}],"curies":[{"name":"wp","href":"https:\/\/api.w.org\/{rel}","templated":true}]}}