{"id":1223,"date":"2015-07-19T21:07:36","date_gmt":"2015-07-19T21:07:36","guid":{"rendered":"http:\/\/www.cjfbadminton-stmalo.com\/?p=1223"},"modified":"2015-07-19T21:07:36","modified_gmt":"2015-07-19T21:07:36","slug":"entrainement-estival-4","status":"publish","type":"post","link":"http:\/\/www.cjfbadminton-stmalo.com\/?p=1223","title":{"rendered":"Entra\u00eenement Estival"},"content":{"rendered":"<p>La petite pause estivale est presque termin\u00e9e&#8230;<\/p>\n<p>Ressortez les raquettes et les volants, d\u00e9poussierez les chaussures&#8230;<\/p>\n<p style=\"text-align: center;\">Reprise des entra\u00eenements pour la p\u00e9riode estivale le <strong>MERCREDI 29 JUILLET \u00a0de 20H \u00e0 22H<\/strong><\/p>\n<p style=\"text-align: center;\">\u00e0 la salle de la Jacques Cartier, rue de la Borderie \u00e0 Saint Malo<\/p>\n<p style=\"text-align: left;\">\n<p style=\"text-align: left;\">Entra\u00eenement tous les mercredis jusqu&rsquo;au 26 Ao\u00fbt.<\/p>\n","protected":false},"excerpt":{"rendered":"<p>La petite pause estivale est presque termin\u00e9e&#8230; Ressortez les raquettes et les volants, d\u00e9poussierez les chaussures&#8230; Reprise des entra\u00eenements pour la p\u00e9riode estivale le MERCREDI 29 JUILLET \u00a0de 20H \u00e0 22H \u00e0 la salle de la Jacques Cartier, rue de la Borderie \u00e0 Saint Malo Entra\u00eenement tous les mercredis jusqu&rsquo;au 26 Ao\u00fbt.<\/p>\n","protected":false},"author":2,"featured_media":0,"comment_status":"closed","ping_status":"open","sticky":false,"template":"","format":"standard","meta":{"ngg_post_thumbnail":0,"footnotes":""},"categories":[1],"tags":[],"class_list":["post-1223","post","type-post","status-publish","format-standard","hentry","category-non-classe"],"_links":{"self":[{"href":"http:\/\/www.cjfbadminton-stmalo.com\/index.php?rest_route=\/wp\/v2\/posts\/1223","targetHints":{"allow":["GET"]}}],"collection":[{"href":"http:\/\/www.cjfbadminton-stmalo.com\/index.php?rest_route=\/wp\/v2\/posts"}],"about":[{"href":"http:\/\/www.cjfbadminton-stmalo.com\/index.php?rest_route=\/wp\/v2\/types\/post"}],"author":[{"embeddable":true,"href":"http:\/\/www.cjfbadminton-stmalo.com\/index.php?rest_route=\/wp\/v2\/users\/2"}],"replies":[{"embeddable":true,"href":"http:\/\/www.cjfbadminton-stmalo.com\/index.php?rest_route=%2Fwp%2Fv2%2Fcomments&post=1223"}],"version-history":[{"count":1,"href":"http:\/\/www.cjfbadminton-stmalo.com\/index.php?rest_route=\/wp\/v2\/posts\/1223\/revisions"}],"predecessor-version":[{"id":1224,"href":"http:\/\/www.cjfbadminton-stmalo.com\/index.php?rest_route=\/wp\/v2\/posts\/1223\/revisions\/1224"}],"wp:attachment":[{"href":"http:\/\/www.cjfbadminton-stmalo.com\/index.php?rest_route=%2Fwp%2Fv2%2Fmedia&parent=1223"}],"wp:term":[{"taxonomy":"category","embeddable":true,"href":"http:\/\/www.cjfbadminton-stmalo.com\/index.php?rest_route=%2Fwp%2Fv2%2Fcategories&post=1223"},{"taxonomy":"post_tag","embeddable":true,"href":"http:\/\/www.cjfbadminton-stmalo.com\/index.php?rest_route=%2Fwp%2Fv2%2Ftags&post=1223"}],"curies":[{"name":"wp","href":"https:\/\/api.w.org\/{rel}","templated":true}]}}