{"id":1238,"date":"2015-08-25T20:03:21","date_gmt":"2015-08-25T20:03:21","guid":{"rendered":"http:\/\/www.cjfbadminton-stmalo.com\/?p=1238"},"modified":"2015-08-25T20:10:39","modified_gmt":"2015-08-25T20:10:39","slug":"saison-20152016","status":"publish","type":"post","link":"http:\/\/www.cjfbadminton-stmalo.com\/?p=1238","title":{"rendered":"Saison 2015\/2016"},"content":{"rendered":"<p>Et voil\u00e0 , il est l&rsquo;heure de ressortir les chaussures, les raquettes, les volants&#8230; La nouvelle saison va reprendre &#8230;.<\/p>\n<p>Top d\u00e9part \u00a0le MERCREDI 2 SEPTEMBRE \u00e0 la salle SURCOUF, \u00e0 partir de 20H !!!<\/p>\n<p>Vous trouverez ci apr\u00e8s ou \u00e0 la page <a title=\"Le Club\" href=\"http:\/\/www.cjfbadminton-stmalo.com\/?page_id=2\">CLUB<\/a> toutes les infos n\u00e9cessaires pour votre inscription :<\/p>\n<p>&#8211; Inscription lors des cr\u00e9neaux d&rsquo;entra\u00eenement : Lundi, mercredi et Jeudi 20H \/ 22H \u00e0 la salle Surcouf<\/p>\n<p>&#8211; L&rsquo;inscription est valid\u00e9e lors du retour du dossier complet :<\/p>\n<p>* La <a href=\"http:\/\/www.cjfbadminton-stmalo.com\/inscription.pdf\" target=\"_blank\">fiche inscription<\/a> remplie<\/p>\n<p>* Le <a href=\"http:\/\/www.cjfbadminton-stmalo.com\/certificatmedical2014-2015.pdf\" target=\"_blank\">certificat m\u00e9dical<\/a> (formulaire ffbad obligatoire)<\/p>\n<p>* Le <a href=\"http:\/\/www.cjfbadminton-stmalo.com\/reglementinterieur_cjfbad.pdf\" target=\"_blank\">r\u00e8glement int\u00e9rieur<\/a> sign\u00e9<\/p>\n<p>* La cotisation de 90\u20ac (r\u00e8glement par ch\u00e8que, ordre CJF Badminton ou esp\u00e8ces)<\/p>\n<p>&nbsp;<\/p>\n<p>N&rsquo;oubliez pas \u00a0:<\/p>\n<p>*FORUM DES SPORTS le Samedi 29 Aout 2015 au Stade de Marville de 10H \u00e0 16H<\/p>\n<p>*PORTES OUVERTES du CJF le samedi 5 Septembre au Stade Duguay Trouin de 9H30 \u00e0 12H30<\/p>\n","protected":false},"excerpt":{"rendered":"<p>Et voil\u00e0 , il est l&rsquo;heure de ressortir les chaussures, les raquettes, les volants&#8230; La nouvelle saison va reprendre &#8230;. Top d\u00e9part \u00a0le MERCREDI 2 SEPTEMBRE \u00e0 la salle SURCOUF, \u00e0 partir de 20H !!! Vous trouverez ci apr\u00e8s ou \u00e0 la page CLUB toutes les infos n\u00e9cessaires pour votre inscription : &#8211; Inscription lors &hellip; <a href=\"http:\/\/www.cjfbadminton-stmalo.com\/?p=1238\" class=\"more-link\">Continuer la lecture de <span class=\"screen-reader-text\">Saison 2015\/2016<\/span> <span class=\"meta-nav\">&rarr;<\/span><\/a><\/p>\n","protected":false},"author":2,"featured_media":0,"comment_status":"closed","ping_status":"open","sticky":false,"template":"","format":"standard","meta":{"ngg_post_thumbnail":0,"footnotes":""},"categories":[1],"tags":[],"class_list":["post-1238","post","type-post","status-publish","format-standard","hentry","category-non-classe"],"_links":{"self":[{"href":"http:\/\/www.cjfbadminton-stmalo.com\/index.php?rest_route=\/wp\/v2\/posts\/1238","targetHints":{"allow":["GET"]}}],"collection":[{"href":"http:\/\/www.cjfbadminton-stmalo.com\/index.php?rest_route=\/wp\/v2\/posts"}],"about":[{"href":"http:\/\/www.cjfbadminton-stmalo.com\/index.php?rest_route=\/wp\/v2\/types\/post"}],"author":[{"embeddable":true,"href":"http:\/\/www.cjfbadminton-stmalo.com\/index.php?rest_route=\/wp\/v2\/users\/2"}],"replies":[{"embeddable":true,"href":"http:\/\/www.cjfbadminton-stmalo.com\/index.php?rest_route=%2Fwp%2Fv2%2Fcomments&post=1238"}],"version-history":[{"count":5,"href":"http:\/\/www.cjfbadminton-stmalo.com\/index.php?rest_route=\/wp\/v2\/posts\/1238\/revisions"}],"predecessor-version":[{"id":1243,"href":"http:\/\/www.cjfbadminton-stmalo.com\/index.php?rest_route=\/wp\/v2\/posts\/1238\/revisions\/1243"}],"wp:attachment":[{"href":"http:\/\/www.cjfbadminton-stmalo.com\/index.php?rest_route=%2Fwp%2Fv2%2Fmedia&parent=1238"}],"wp:term":[{"taxonomy":"category","embeddable":true,"href":"http:\/\/www.cjfbadminton-stmalo.com\/index.php?rest_route=%2Fwp%2Fv2%2Fcategories&post=1238"},{"taxonomy":"post_tag","embeddable":true,"href":"http:\/\/www.cjfbadminton-stmalo.com\/index.php?rest_route=%2Fwp%2Fv2%2Ftags&post=1238"}],"curies":[{"name":"wp","href":"https:\/\/api.w.org\/{rel}","templated":true}]}}