{"id":2321,"date":"2018-06-16T11:38:40","date_gmt":"2018-06-16T11:38:40","guid":{"rendered":"http:\/\/www.cjfbadminton-stmalo.com\/?p=2321"},"modified":"2018-06-16T13:27:24","modified_gmt":"2018-06-16T13:27:24","slug":"assemblee-generale-3","status":"publish","type":"post","link":"http:\/\/www.cjfbadminton-stmalo.com\/?p=2321","title":{"rendered":"Assembl\u00e9e G\u00e9n\u00e9rale"},"content":{"rendered":"<p>L&rsquo;assembl\u00e9e g\u00e9n\u00e9rale de la section avait lieu ce vendredi 15 Juin. Moment priviligi\u00e9 de la vie du club, cela permet de faire un bilan de la saison pass\u00e9e et de se projeter dans la saison \u00e0 venir&#8230;<\/p>\n<p>Le bilan de la saison pass\u00e9e est satisfaisant aussi bien sur :<\/p>\n<ul>\n<li>le plan moral avec des effectifs plut\u00f4t stables avec pratiquement 50% de femmes&nbsp; et des \u00e9v\u00e8nements r\u00e9ussis comme la soir\u00e9e Blackminton et la 1\u00e8re \u00e9dition du tournoi de doubles des Corsaires<\/li>\n<li>le plan sportif avec des objectifs atteints pour chacune des \u00e9quipes : maintien en D1 pour l&rsquo;\u00e9quipe 1 (3\u00e8me de son championnat), en D2 pour l&rsquo;\u00e9quipe 2 (3\u00e8me \u00e9galement)et en D3 pour l&rsquo;\u00e9quipe 3 (8\u00e8me)<\/li>\n<li>le plan financier avec un budget \u00e0 l&rsquo;\u00e9quilibre<\/li>\n<\/ul>\n<p>sans oublier le renouvellement de l&rsquo;identit\u00e9 graphique du club&#8230;<\/p>\n<p>Un des grands moments de cette r\u00e9union \u00e9tait le renouvellement du bureau, plusieurs membres ne souhaitant pas se repr\u00e9senter. L&rsquo;attente ne fut pas tr\u00e8s longue et<\/p>\n<p><strong>Le nouveau bureau se compose ainsi :<\/strong><\/p>\n<ul>\n<li><strong>Pr\u00e9sident<\/strong> : Thomas Puertolas<\/li>\n<li><strong>Tr\u00e9sorier<\/strong> : Anthony Delamaire<\/li>\n<li><strong>Tr\u00e9sori\u00e8re adjointe<\/strong> : Elodie Barbot<\/li>\n<li><strong>Secr\u00e9taire<\/strong> : Meguane Gauthier<\/li>\n<li><strong>Capitaine Equipe 1 :<\/strong> Emmanuelle Bertrand<\/li>\n<li><strong>Responsable mat\u00e9riel :&nbsp;<\/strong> Ga\u00e9tan Scelles<\/li>\n<li><strong>Responsable Ev\u00e8nementiel :<\/strong> Ga\u00eblle Gouchet<\/li>\n<li><strong>Responsable Communication<\/strong> : Christelle Guio<\/li>\n<li><strong>Membres actifs :<\/strong> Christophe Dessert, Typhaine Briend, C\u00e9line Lano\u00eb&nbsp;<\/li>\n<\/ul>\n","protected":false},"excerpt":{"rendered":"<p>L&rsquo;assembl\u00e9e g\u00e9n\u00e9rale de la section avait lieu ce vendredi 15 Juin. Moment priviligi\u00e9 de la vie du club, cela permet de faire un bilan de la saison pass\u00e9e et de se projeter dans la saison \u00e0 venir&#8230; Le bilan de la saison pass\u00e9e est satisfaisant aussi bien sur : le plan moral avec des effectifs &hellip; <a href=\"http:\/\/www.cjfbadminton-stmalo.com\/?p=2321\" class=\"more-link\">Continuer la lecture de <span class=\"screen-reader-text\">Assembl\u00e9e G\u00e9n\u00e9rale<\/span> <span class=\"meta-nav\">&rarr;<\/span><\/a><\/p>\n","protected":false},"author":2,"featured_media":1984,"comment_status":"closed","ping_status":"open","sticky":false,"template":"","format":"standard","meta":{"ngg_post_thumbnail":0,"footnotes":""},"categories":[1],"tags":[],"class_list":["post-2321","post","type-post","status-publish","format-standard","has-post-thumbnail","hentry","category-non-classe"],"_links":{"self":[{"href":"http:\/\/www.cjfbadminton-stmalo.com\/index.php?rest_route=\/wp\/v2\/posts\/2321","targetHints":{"allow":["GET"]}}],"collection":[{"href":"http:\/\/www.cjfbadminton-stmalo.com\/index.php?rest_route=\/wp\/v2\/posts"}],"about":[{"href":"http:\/\/www.cjfbadminton-stmalo.com\/index.php?rest_route=\/wp\/v2\/types\/post"}],"author":[{"embeddable":true,"href":"http:\/\/www.cjfbadminton-stmalo.com\/index.php?rest_route=\/wp\/v2\/users\/2"}],"replies":[{"embeddable":true,"href":"http:\/\/www.cjfbadminton-stmalo.com\/index.php?rest_route=%2Fwp%2Fv2%2Fcomments&post=2321"}],"version-history":[{"count":4,"href":"http:\/\/www.cjfbadminton-stmalo.com\/index.php?rest_route=\/wp\/v2\/posts\/2321\/revisions"}],"predecessor-version":[{"id":2325,"href":"http:\/\/www.cjfbadminton-stmalo.com\/index.php?rest_route=\/wp\/v2\/posts\/2321\/revisions\/2325"}],"wp:featuredmedia":[{"embeddable":true,"href":"http:\/\/www.cjfbadminton-stmalo.com\/index.php?rest_route=\/wp\/v2\/media\/1984"}],"wp:attachment":[{"href":"http:\/\/www.cjfbadminton-stmalo.com\/index.php?rest_route=%2Fwp%2Fv2%2Fmedia&parent=2321"}],"wp:term":[{"taxonomy":"category","embeddable":true,"href":"http:\/\/www.cjfbadminton-stmalo.com\/index.php?rest_route=%2Fwp%2Fv2%2Fcategories&post=2321"},{"taxonomy":"post_tag","embeddable":true,"href":"http:\/\/www.cjfbadminton-stmalo.com\/index.php?rest_route=%2Fwp%2Fv2%2Ftags&post=2321"}],"curies":[{"name":"wp","href":"https:\/\/api.w.org\/{rel}","templated":true}]}}