{"id":2581,"date":"2020-08-31T21:06:32","date_gmt":"2020-08-31T21:06:32","guid":{"rendered":"http:\/\/www.cjfbadminton-stmalo.com\/?p=2581"},"modified":"2020-09-10T08:15:41","modified_gmt":"2020-09-10T08:15:41","slug":"creneau-jeune","status":"publish","type":"post","link":"http:\/\/www.cjfbadminton-stmalo.com\/?p=2581","title":{"rendered":"Cr\u00e9neau Jeune"},"content":{"rendered":"<p>Grand changement pour notre cr\u00e9neau jeune qui entame sa 3\u00e8me saison. Dor\u00e9navant, nos jeunes pousses s&rsquo;entra\u00eeneront le <strong>samedi matin de 10H30 \u00e0 12H \u00e0 la salle Surcouf,<\/strong> rue de la chauss\u00e9e \u00e0 Saint Malo.&nbsp;<\/p>\n<p>Toujours encadr\u00e9s par J\u00e9r\u00e9my et quelques b\u00e9n\u00e9voles du club !!&nbsp;<\/p>\n<p>Venez essayer &#8230; 2 s\u00e9ances pour d\u00e9couvrir l&rsquo;ambiance et le jeu.<\/p>\n<p>Reprise du cr\u00e9neau le <strong>Samedi 12 Septembre<\/strong><\/p>\n","protected":false},"excerpt":{"rendered":"<p>Grand changement pour notre cr\u00e9neau jeune qui entame sa 3\u00e8me saison. Dor\u00e9navant, nos jeunes pousses s&rsquo;entra\u00eeneront le samedi matin de 10H30 \u00e0 12H \u00e0 la salle Surcouf, rue de la chauss\u00e9e \u00e0 Saint Malo.&nbsp; Toujours encadr\u00e9s par J\u00e9r\u00e9my et quelques b\u00e9n\u00e9voles du club !!&nbsp; Venez essayer &#8230; 2 s\u00e9ances pour d\u00e9couvrir l&rsquo;ambiance et le jeu. &hellip; <a href=\"http:\/\/www.cjfbadminton-stmalo.com\/?p=2581\" class=\"more-link\">Continuer la lecture de <span class=\"screen-reader-text\">Cr\u00e9neau Jeune<\/span> <span class=\"meta-nav\">&rarr;<\/span><\/a><\/p>\n","protected":false},"author":2,"featured_media":2586,"comment_status":"closed","ping_status":"open","sticky":false,"template":"","format":"standard","meta":{"ngg_post_thumbnail":0,"footnotes":""},"categories":[1],"tags":[],"class_list":["post-2581","post","type-post","status-publish","format-standard","has-post-thumbnail","hentry","category-non-classe"],"_links":{"self":[{"href":"http:\/\/www.cjfbadminton-stmalo.com\/index.php?rest_route=\/wp\/v2\/posts\/2581","targetHints":{"allow":["GET"]}}],"collection":[{"href":"http:\/\/www.cjfbadminton-stmalo.com\/index.php?rest_route=\/wp\/v2\/posts"}],"about":[{"href":"http:\/\/www.cjfbadminton-stmalo.com\/index.php?rest_route=\/wp\/v2\/types\/post"}],"author":[{"embeddable":true,"href":"http:\/\/www.cjfbadminton-stmalo.com\/index.php?rest_route=\/wp\/v2\/users\/2"}],"replies":[{"embeddable":true,"href":"http:\/\/www.cjfbadminton-stmalo.com\/index.php?rest_route=%2Fwp%2Fv2%2Fcomments&post=2581"}],"version-history":[{"count":1,"href":"http:\/\/www.cjfbadminton-stmalo.com\/index.php?rest_route=\/wp\/v2\/posts\/2581\/revisions"}],"predecessor-version":[{"id":2582,"href":"http:\/\/www.cjfbadminton-stmalo.com\/index.php?rest_route=\/wp\/v2\/posts\/2581\/revisions\/2582"}],"wp:featuredmedia":[{"embeddable":true,"href":"http:\/\/www.cjfbadminton-stmalo.com\/index.php?rest_route=\/wp\/v2\/media\/2586"}],"wp:attachment":[{"href":"http:\/\/www.cjfbadminton-stmalo.com\/index.php?rest_route=%2Fwp%2Fv2%2Fmedia&parent=2581"}],"wp:term":[{"taxonomy":"category","embeddable":true,"href":"http:\/\/www.cjfbadminton-stmalo.com\/index.php?rest_route=%2Fwp%2Fv2%2Fcategories&post=2581"},{"taxonomy":"post_tag","embeddable":true,"href":"http:\/\/www.cjfbadminton-stmalo.com\/index.php?rest_route=%2Fwp%2Fv2%2Ftags&post=2581"}],"curies":[{"name":"wp","href":"https:\/\/api.w.org\/{rel}","templated":true}]}}