{"id":2607,"date":"2021-07-02T08:38:50","date_gmt":"2021-07-02T08:38:50","guid":{"rendered":"http:\/\/www.cjfbadminton-stmalo.com\/?p=2607"},"modified":"2021-07-02T08:38:50","modified_gmt":"2021-07-02T08:38:50","slug":"horaires-dete","status":"publish","type":"post","link":"http:\/\/www.cjfbadminton-stmalo.com\/?p=2607","title":{"rendered":"Horaires d&rsquo;\u00e9t\u00e9"},"content":{"rendered":"<p>C&rsquo;est presque l&rsquo;heure des vacances mais le CJF Badminton ne s&rsquo;arr\u00eate pas<\/p>\n<p>Les cr\u00e9neaux, \u00e0 la salle Surcouf,&nbsp; restent ouverts pendant le mois de Juillet et d&rsquo;Ao\u00fbt mais les horaires \u00e9voluent l\u00e9g\u00e8rement, notamment pour le cr\u00e9neau du lundi :<\/p>\n<ul>\n<li>Lundi : <strong>18H30 \u00e0 20H30<\/strong> ( \u00e0 compter du 12 Juillet)<\/li>\n<li>Mercredi : 20H \u00e0 22H<\/li>\n<li>Jeudi : 20H \u00e0 22H30<\/li>\n<\/ul>\n<p>Remarque : pour le Lundi 5 Juillet, l&rsquo;horaire du cr\u00e9neau reste 20H-22H<\/p>\n","protected":false},"excerpt":{"rendered":"<p>C&rsquo;est presque l&rsquo;heure des vacances mais le CJF Badminton ne s&rsquo;arr\u00eate pas Les cr\u00e9neaux, \u00e0 la salle Surcouf,&nbsp; restent ouverts pendant le mois de Juillet et d&rsquo;Ao\u00fbt mais les horaires \u00e9voluent l\u00e9g\u00e8rement, notamment pour le cr\u00e9neau du lundi : Lundi : 18H30 \u00e0 20H30 ( \u00e0 compter du 12 Juillet) Mercredi : 20H \u00e0 22H &hellip; <a href=\"http:\/\/www.cjfbadminton-stmalo.com\/?p=2607\" class=\"more-link\">Continuer la lecture de <span class=\"screen-reader-text\">Horaires d&rsquo;\u00e9t\u00e9<\/span> <span class=\"meta-nav\">&rarr;<\/span><\/a><\/p>\n","protected":false},"author":2,"featured_media":2606,"comment_status":"closed","ping_status":"open","sticky":false,"template":"","format":"standard","meta":{"ngg_post_thumbnail":0,"footnotes":""},"categories":[1],"tags":[],"class_list":["post-2607","post","type-post","status-publish","format-standard","has-post-thumbnail","hentry","category-non-classe"],"_links":{"self":[{"href":"http:\/\/www.cjfbadminton-stmalo.com\/index.php?rest_route=\/wp\/v2\/posts\/2607","targetHints":{"allow":["GET"]}}],"collection":[{"href":"http:\/\/www.cjfbadminton-stmalo.com\/index.php?rest_route=\/wp\/v2\/posts"}],"about":[{"href":"http:\/\/www.cjfbadminton-stmalo.com\/index.php?rest_route=\/wp\/v2\/types\/post"}],"author":[{"embeddable":true,"href":"http:\/\/www.cjfbadminton-stmalo.com\/index.php?rest_route=\/wp\/v2\/users\/2"}],"replies":[{"embeddable":true,"href":"http:\/\/www.cjfbadminton-stmalo.com\/index.php?rest_route=%2Fwp%2Fv2%2Fcomments&post=2607"}],"version-history":[{"count":1,"href":"http:\/\/www.cjfbadminton-stmalo.com\/index.php?rest_route=\/wp\/v2\/posts\/2607\/revisions"}],"predecessor-version":[{"id":2608,"href":"http:\/\/www.cjfbadminton-stmalo.com\/index.php?rest_route=\/wp\/v2\/posts\/2607\/revisions\/2608"}],"wp:featuredmedia":[{"embeddable":true,"href":"http:\/\/www.cjfbadminton-stmalo.com\/index.php?rest_route=\/wp\/v2\/media\/2606"}],"wp:attachment":[{"href":"http:\/\/www.cjfbadminton-stmalo.com\/index.php?rest_route=%2Fwp%2Fv2%2Fmedia&parent=2607"}],"wp:term":[{"taxonomy":"category","embeddable":true,"href":"http:\/\/www.cjfbadminton-stmalo.com\/index.php?rest_route=%2Fwp%2Fv2%2Fcategories&post=2607"},{"taxonomy":"post_tag","embeddable":true,"href":"http:\/\/www.cjfbadminton-stmalo.com\/index.php?rest_route=%2Fwp%2Fv2%2Ftags&post=2607"}],"curies":[{"name":"wp","href":"https:\/\/api.w.org\/{rel}","templated":true}]}}