{"id":3021,"date":"2025-11-04T07:14:54","date_gmt":"2025-11-04T07:14:54","guid":{"rendered":"http:\/\/www.cjfbadminton-stmalo.com\/?p=3021"},"modified":"2025-11-04T07:50:12","modified_gmt":"2025-11-04T07:50:12","slug":"tournoi-des-chats-noirs-de-combourg","status":"publish","type":"post","link":"http:\/\/www.cjfbadminton-stmalo.com\/?p=3021","title":{"rendered":"Tournoi des Chats Noirs de Combourg"},"content":{"rendered":"\n<p>Quelques comp\u00e9titeurs \u00e9taient inscrits au tournoi de Combourg qui a eu lieu ce samedi 1er novembre et dimanche 2 novembre : <\/p>\n\n\n\n<ul class=\"wp-block-list\">\n<li>Ana\u00efs en simple dame<\/li>\n\n\n\n<li>Julien en simple homme<\/li>\n\n\n\n<li>Quentin et Theresa en double mixte<\/li>\n\n\n\n<li>Quentin (le m\u00eame !) et Victor en double homme<\/li>\n\n\n\n<li>Ang\u00e9lique et Laura en double dame<\/li>\n\n\n\n<li>et Guigui et Ludo en double homme<\/li>\n<\/ul>\n\n\n\n<p>Si les tableaux de simple n&rsquo;ont pas profit\u00e9 \u00e0 nos joueurs, en revanche, Quentin, Theresa et Victor ont brill\u00e9 en double mixte et double homme : samedi, Quentin et Theresa s&rsquo;offrent une belle deuxi\u00e8me place samedi. Et parce qu&rsquo;il \u00e9tait dans une forme olympique, Quentin, de retour le dimanche avec Victor en double homme, vont chercher \u00e9galement une deuxi\u00e8me place au tableau final. <\/p>\n\n\n\n<figure class=\"wp-block-image size-large\"><img loading=\"lazy\" decoding=\"async\" width=\"1024\" height=\"768\" src=\"http:\/\/www.cjfbadminton-stmalo.com\/wp-content\/uploads\/WhatsApp-Image-2025-11-01-at-20.22.16-1024x768.jpeg\" alt=\"\" class=\"wp-image-3022\" srcset=\"http:\/\/www.cjfbadminton-stmalo.com\/wp-content\/uploads\/WhatsApp-Image-2025-11-01-at-20.22.16-1024x768.jpeg 1024w, http:\/\/www.cjfbadminton-stmalo.com\/wp-content\/uploads\/WhatsApp-Image-2025-11-01-at-20.22.16-300x225.jpeg 300w, http:\/\/www.cjfbadminton-stmalo.com\/wp-content\/uploads\/WhatsApp-Image-2025-11-01-at-20.22.16-768x576.jpeg 768w, http:\/\/www.cjfbadminton-stmalo.com\/wp-content\/uploads\/WhatsApp-Image-2025-11-01-at-20.22.16-1536x1152.jpeg 1536w, http:\/\/www.cjfbadminton-stmalo.com\/wp-content\/uploads\/WhatsApp-Image-2025-11-01-at-20.22.16-2048x1536.jpeg 2048w\" sizes=\"auto, (max-width: 1024px) 100vw, 1024px\" \/><\/figure>\n\n\n\n<figure class=\"wp-block-image size-full\"><img loading=\"lazy\" decoding=\"async\" width=\"620\" height=\"876\" src=\"http:\/\/www.cjfbadminton-stmalo.com\/wp-content\/uploads\/31750_20250924130557_Tournoi-des-Chats-Noirs_2025_Affiche.jpeg\" alt=\"\" class=\"wp-image-3023\" srcset=\"http:\/\/www.cjfbadminton-stmalo.com\/wp-content\/uploads\/31750_20250924130557_Tournoi-des-Chats-Noirs_2025_Affiche.jpeg 620w, http:\/\/www.cjfbadminton-stmalo.com\/wp-content\/uploads\/31750_20250924130557_Tournoi-des-Chats-Noirs_2025_Affiche-212x300.jpeg 212w\" sizes=\"auto, (max-width: 620px) 100vw, 620px\" \/><\/figure>\n","protected":false},"excerpt":{"rendered":"<p>Quelques comp\u00e9titeurs \u00e9taient inscrits au tournoi de Combourg qui a eu lieu ce samedi 1er novembre et dimanche 2 novembre : Si les tableaux de simple n&rsquo;ont pas profit\u00e9 \u00e0 nos joueurs, en revanche, Quentin, Theresa et Victor ont brill\u00e9 en double mixte et double homme : samedi, Quentin et Theresa s&rsquo;offrent une belle deuxi\u00e8me &hellip; <a href=\"http:\/\/www.cjfbadminton-stmalo.com\/?p=3021\" class=\"more-link\">Continuer la lecture de <span class=\"screen-reader-text\">Tournoi des Chats Noirs de Combourg<\/span> <span class=\"meta-nav\">&rarr;<\/span><\/a><\/p>\n","protected":false},"author":3,"featured_media":3022,"comment_status":"closed","ping_status":"open","sticky":false,"template":"","format":"standard","meta":{"ngg_post_thumbnail":0,"footnotes":""},"categories":[31],"tags":[34],"class_list":["post-3021","post","type-post","status-publish","format-standard","has-post-thumbnail","hentry","category-tournois","tag-tournoi"],"_links":{"self":[{"href":"http:\/\/www.cjfbadminton-stmalo.com\/index.php?rest_route=\/wp\/v2\/posts\/3021","targetHints":{"allow":["GET"]}}],"collection":[{"href":"http:\/\/www.cjfbadminton-stmalo.com\/index.php?rest_route=\/wp\/v2\/posts"}],"about":[{"href":"http:\/\/www.cjfbadminton-stmalo.com\/index.php?rest_route=\/wp\/v2\/types\/post"}],"author":[{"embeddable":true,"href":"http:\/\/www.cjfbadminton-stmalo.com\/index.php?rest_route=\/wp\/v2\/users\/3"}],"replies":[{"embeddable":true,"href":"http:\/\/www.cjfbadminton-stmalo.com\/index.php?rest_route=%2Fwp%2Fv2%2Fcomments&post=3021"}],"version-history":[{"count":2,"href":"http:\/\/www.cjfbadminton-stmalo.com\/index.php?rest_route=\/wp\/v2\/posts\/3021\/revisions"}],"predecessor-version":[{"id":3025,"href":"http:\/\/www.cjfbadminton-stmalo.com\/index.php?rest_route=\/wp\/v2\/posts\/3021\/revisions\/3025"}],"wp:featuredmedia":[{"embeddable":true,"href":"http:\/\/www.cjfbadminton-stmalo.com\/index.php?rest_route=\/wp\/v2\/media\/3022"}],"wp:attachment":[{"href":"http:\/\/www.cjfbadminton-stmalo.com\/index.php?rest_route=%2Fwp%2Fv2%2Fmedia&parent=3021"}],"wp:term":[{"taxonomy":"category","embeddable":true,"href":"http:\/\/www.cjfbadminton-stmalo.com\/index.php?rest_route=%2Fwp%2Fv2%2Fcategories&post=3021"},{"taxonomy":"post_tag","embeddable":true,"href":"http:\/\/www.cjfbadminton-stmalo.com\/index.php?rest_route=%2Fwp%2Fv2%2Ftags&post=3021"}],"curies":[{"name":"wp","href":"https:\/\/api.w.org\/{rel}","templated":true}]}}