{"id":3077,"date":"2025-12-03T07:36:00","date_gmt":"2025-12-03T07:36:00","guid":{"rendered":"http:\/\/www.cjfbadminton-stmalo.com\/?p=3077"},"modified":"2025-12-03T07:36:00","modified_gmt":"2025-12-03T07:36:00","slug":"resultats-j2-equipes-mixtes","status":"publish","type":"post","link":"http:\/\/www.cjfbadminton-stmalo.com\/?p=3077","title":{"rendered":"R\u00e9sultats J2 \u00e9quipes mixtes"},"content":{"rendered":"\n<h6 class=\"wp-block-heading\">&#x1f7e0; \u00c9QUIPE MIXTE PR<\/h6>\n\n\n\n<p>Victoire 5-3 contre Le Rheu \u00e0 domicile.\nUne rencontre difficile mais ma\u00eetris\u00e9e pour arracher cette victoire qui fait du bien au moral !<\/p>\n\n\n\n<figure class=\"wp-block-image size-large\"><img loading=\"lazy\" decoding=\"async\" width=\"1024\" height=\"698\" src=\"http:\/\/www.cjfbadminton-stmalo.com\/wp-content\/uploads\/Capture-decran-2025-12-03-a-08.30.48-1024x698.png\" alt=\"\" class=\"wp-image-3078\" srcset=\"http:\/\/www.cjfbadminton-stmalo.com\/wp-content\/uploads\/Capture-decran-2025-12-03-a-08.30.48-1024x698.png 1024w, http:\/\/www.cjfbadminton-stmalo.com\/wp-content\/uploads\/Capture-decran-2025-12-03-a-08.30.48-300x205.png 300w, http:\/\/www.cjfbadminton-stmalo.com\/wp-content\/uploads\/Capture-decran-2025-12-03-a-08.30.48-768x524.png 768w, http:\/\/www.cjfbadminton-stmalo.com\/wp-content\/uploads\/Capture-decran-2025-12-03-a-08.30.48-1536x1047.png 1536w, http:\/\/www.cjfbadminton-stmalo.com\/wp-content\/uploads\/Capture-decran-2025-12-03-a-08.30.48.png 1622w\" sizes=\"auto, (max-width: 1024px) 100vw, 1024px\" \/><\/figure>\n\n\n\n<figure class=\"wp-block-gallery has-nested-images columns-default is-cropped wp-block-gallery-1 is-layout-flex wp-block-gallery-is-layout-flex\">\n<figure class=\"wp-block-image size-large\"><img loading=\"lazy\" decoding=\"async\" width=\"1024\" height=\"778\" data-id=\"3081\" src=\"http:\/\/www.cjfbadminton-stmalo.com\/wp-content\/uploads\/Capture-decran-2025-12-03-a-08.34.12-1024x778.png\" alt=\"\" class=\"wp-image-3081\" srcset=\"http:\/\/www.cjfbadminton-stmalo.com\/wp-content\/uploads\/Capture-decran-2025-12-03-a-08.34.12-1024x778.png 1024w, http:\/\/www.cjfbadminton-stmalo.com\/wp-content\/uploads\/Capture-decran-2025-12-03-a-08.34.12-300x228.png 300w, http:\/\/www.cjfbadminton-stmalo.com\/wp-content\/uploads\/Capture-decran-2025-12-03-a-08.34.12-768x583.png 768w, http:\/\/www.cjfbadminton-stmalo.com\/wp-content\/uploads\/Capture-decran-2025-12-03-a-08.34.12.png 1282w\" sizes=\"auto, (max-width: 1024px) 100vw, 1024px\" \/><\/figure>\n\n\n\n<figure class=\"wp-block-image size-large\"><img loading=\"lazy\" decoding=\"async\" width=\"1024\" height=\"768\" data-id=\"3082\" src=\"http:\/\/www.cjfbadminton-stmalo.com\/wp-content\/uploads\/Capture-decran-2025-12-03-a-08.34.35-1024x768.png\" alt=\"\" class=\"wp-image-3082\" srcset=\"http:\/\/www.cjfbadminton-stmalo.com\/wp-content\/uploads\/Capture-decran-2025-12-03-a-08.34.35-1024x768.png 1024w, http:\/\/www.cjfbadminton-stmalo.com\/wp-content\/uploads\/Capture-decran-2025-12-03-a-08.34.35-300x225.png 300w, http:\/\/www.cjfbadminton-stmalo.com\/wp-content\/uploads\/Capture-decran-2025-12-03-a-08.34.35-768x576.png 768w, http:\/\/www.cjfbadminton-stmalo.com\/wp-content\/uploads\/Capture-decran-2025-12-03-a-08.34.35.png 1280w\" sizes=\"auto, (max-width: 1024px) 100vw, 1024px\" \/><\/figure>\n<\/figure>\n\n\n\n<h6 class=\"wp-block-heading\">&#x1f7e0; \u00c9QUIPE MIXTE D2<\/h6>\n\n\n\n<p>D\u00e9faite 5-3 contre Vezinle-Coquet en d\u00e9placement.\nPremi\u00e8re d\u00e9faite pour notre \u00e9quipe mixte 2, mais qui n\u2019entache pas l\u2019objectif de fin de saison et la mentalit\u00e9 de l\u2019\u00e9quipe. C\u2019est le moment \u00e7a caler pour le reste de la saison <\/p>\n\n\n\n<figure class=\"wp-block-image size-large\"><img loading=\"lazy\" decoding=\"async\" width=\"1024\" height=\"667\" src=\"http:\/\/www.cjfbadminton-stmalo.com\/wp-content\/uploads\/Capture-decran-2025-12-03-a-08.30.27-1024x667.png\" alt=\"\" class=\"wp-image-3079\" srcset=\"http:\/\/www.cjfbadminton-stmalo.com\/wp-content\/uploads\/Capture-decran-2025-12-03-a-08.30.27-1024x667.png 1024w, http:\/\/www.cjfbadminton-stmalo.com\/wp-content\/uploads\/Capture-decran-2025-12-03-a-08.30.27-300x195.png 300w, http:\/\/www.cjfbadminton-stmalo.com\/wp-content\/uploads\/Capture-decran-2025-12-03-a-08.30.27-768x500.png 768w, http:\/\/www.cjfbadminton-stmalo.com\/wp-content\/uploads\/Capture-decran-2025-12-03-a-08.30.27-1536x1001.png 1536w, http:\/\/www.cjfbadminton-stmalo.com\/wp-content\/uploads\/Capture-decran-2025-12-03-a-08.30.27.png 1682w\" sizes=\"auto, (max-width: 1024px) 100vw, 1024px\" \/><\/figure>\n\n\n\n<h6 class=\"wp-block-heading\">&#x1f7e0; \u00c9QUIPE MIXTE D5<\/h6>\n\n\n\n<p>Le coach a d\u00e9cid\u00e9 de convoquer son effectif au complet \u00e0 savoir Elisabeth, Christelle, Margaux, Pauline, Lo\u00efc, Mathis, Victor, Quentin et Philou afin de jouer la coh\u00e9sion.<br>Bravo \u00e0 toute l\u2019\u00e9quipe, qui m\u00eame si l\u2019adversit\u00e9 \u00e9tait moindre, on jou\u00e9 avec s\u00e9rieux et d\u00e9termination engrangeant des points importants pour notre objectif de mont\u00e9e.<\/p>\n\n\n\n<figure class=\"wp-block-image size-large\"><img loading=\"lazy\" decoding=\"async\" width=\"1024\" height=\"681\" src=\"http:\/\/www.cjfbadminton-stmalo.com\/wp-content\/uploads\/Capture-decran-2025-12-03-a-08.31.08-1024x681.png\" alt=\"\" class=\"wp-image-3080\" srcset=\"http:\/\/www.cjfbadminton-stmalo.com\/wp-content\/uploads\/Capture-decran-2025-12-03-a-08.31.08-1024x681.png 1024w, http:\/\/www.cjfbadminton-stmalo.com\/wp-content\/uploads\/Capture-decran-2025-12-03-a-08.31.08-300x200.png 300w, http:\/\/www.cjfbadminton-stmalo.com\/wp-content\/uploads\/Capture-decran-2025-12-03-a-08.31.08-768x511.png 768w, http:\/\/www.cjfbadminton-stmalo.com\/wp-content\/uploads\/Capture-decran-2025-12-03-a-08.31.08-1536x1022.png 1536w, http:\/\/www.cjfbadminton-stmalo.com\/wp-content\/uploads\/Capture-decran-2025-12-03-a-08.31.08.png 1566w\" sizes=\"auto, (max-width: 1024px) 100vw, 1024px\" \/><\/figure>\n\n\n\n<figure class=\"wp-block-image size-large\"><img loading=\"lazy\" decoding=\"async\" width=\"1024\" height=\"770\" src=\"http:\/\/www.cjfbadminton-stmalo.com\/wp-content\/uploads\/Capture-decran-2025-12-03-a-08.34.49-1024x770.png\" alt=\"\" class=\"wp-image-3083\" srcset=\"http:\/\/www.cjfbadminton-stmalo.com\/wp-content\/uploads\/Capture-decran-2025-12-03-a-08.34.49-1024x770.png 1024w, http:\/\/www.cjfbadminton-stmalo.com\/wp-content\/uploads\/Capture-decran-2025-12-03-a-08.34.49-300x225.png 300w, http:\/\/www.cjfbadminton-stmalo.com\/wp-content\/uploads\/Capture-decran-2025-12-03-a-08.34.49-768x577.png 768w, http:\/\/www.cjfbadminton-stmalo.com\/wp-content\/uploads\/Capture-decran-2025-12-03-a-08.34.49.png 1280w\" sizes=\"auto, (max-width: 1024px) 100vw, 1024px\" \/><\/figure>\n","protected":false},"excerpt":{"rendered":"<p>&#x1f7e0; \u00c9QUIPE MIXTE PR Victoire 5-3 contre Le Rheu \u00e0 domicile. Une rencontre difficile mais ma\u00eetris\u00e9e pour arracher cette victoire qui fait du bien au moral ! &#x1f7e0; \u00c9QUIPE MIXTE D2 D\u00e9faite 5-3 contre Vezinle-Coquet en d\u00e9placement. Premi\u00e8re d\u00e9faite pour notre \u00e9quipe mixte 2, mais qui n\u2019entache pas l\u2019objectif de fin de saison et la &hellip; <a href=\"http:\/\/www.cjfbadminton-stmalo.com\/?p=3077\" class=\"more-link\">Continuer la lecture de <span class=\"screen-reader-text\">R\u00e9sultats J2 \u00e9quipes mixtes<\/span> <span class=\"meta-nav\">&rarr;<\/span><\/a><\/p>\n","protected":false},"author":3,"featured_media":3081,"comment_status":"closed","ping_status":"open","sticky":false,"template":"","format":"standard","meta":{"ngg_post_thumbnail":0,"footnotes":""},"categories":[25,26,27],"tags":[35],"class_list":["post-3077","post","type-post","status-publish","format-standard","has-post-thumbnail","hentry","category-interclub-pr35","category-interclub-d2","category-interclub-d5","tag-championnat"],"_links":{"self":[{"href":"http:\/\/www.cjfbadminton-stmalo.com\/index.php?rest_route=\/wp\/v2\/posts\/3077","targetHints":{"allow":["GET"]}}],"collection":[{"href":"http:\/\/www.cjfbadminton-stmalo.com\/index.php?rest_route=\/wp\/v2\/posts"}],"about":[{"href":"http:\/\/www.cjfbadminton-stmalo.com\/index.php?rest_route=\/wp\/v2\/types\/post"}],"author":[{"embeddable":true,"href":"http:\/\/www.cjfbadminton-stmalo.com\/index.php?rest_route=\/wp\/v2\/users\/3"}],"replies":[{"embeddable":true,"href":"http:\/\/www.cjfbadminton-stmalo.com\/index.php?rest_route=%2Fwp%2Fv2%2Fcomments&post=3077"}],"version-history":[{"count":1,"href":"http:\/\/www.cjfbadminton-stmalo.com\/index.php?rest_route=\/wp\/v2\/posts\/3077\/revisions"}],"predecessor-version":[{"id":3084,"href":"http:\/\/www.cjfbadminton-stmalo.com\/index.php?rest_route=\/wp\/v2\/posts\/3077\/revisions\/3084"}],"wp:featuredmedia":[{"embeddable":true,"href":"http:\/\/www.cjfbadminton-stmalo.com\/index.php?rest_route=\/wp\/v2\/media\/3081"}],"wp:attachment":[{"href":"http:\/\/www.cjfbadminton-stmalo.com\/index.php?rest_route=%2Fwp%2Fv2%2Fmedia&parent=3077"}],"wp:term":[{"taxonomy":"category","embeddable":true,"href":"http:\/\/www.cjfbadminton-stmalo.com\/index.php?rest_route=%2Fwp%2Fv2%2Fcategories&post=3077"},{"taxonomy":"post_tag","embeddable":true,"href":"http:\/\/www.cjfbadminton-stmalo.com\/index.php?rest_route=%2Fwp%2Fv2%2Ftags&post=3077"}],"curies":[{"name":"wp","href":"https:\/\/api.w.org\/{rel}","templated":true}]}}